{"id":308,"date":"2026-01-07T17:12:50","date_gmt":"2026-01-07T17:12:50","guid":{"rendered":"https:\/\/gruene-gernsheim.de\/?p=308"},"modified":"2026-01-23T17:15:00","modified_gmt":"2026-01-23T17:15:00","slug":"demokratie-braucht-dich-werde-wahlhelferin-in-gernsheim-2","status":"publish","type":"post","link":"https:\/\/gruene-gernsheim.de\/?p=308","title":{"rendered":"Demokratie braucht Dich: Werde Wahlhelfer*in in Gernsheim!"},"content":{"rendered":"\n<figure class=\"wp-block-image size-large\"><img loading=\"lazy\" decoding=\"async\" width=\"800\" height=\"377\" src=\"https:\/\/gruene-gernsheim.de\/wp-content\/uploads\/2025\/01\/image-2-800x377.png\" alt=\"\" class=\"wp-image-124\" srcset=\"https:\/\/gruene-gernsheim.de\/wp-content\/uploads\/2025\/01\/image-2-800x377.png 800w, https:\/\/gruene-gernsheim.de\/wp-content\/uploads\/2025\/01\/image-2-400x188.png 400w, https:\/\/gruene-gernsheim.de\/wp-content\/uploads\/2025\/01\/image-2-768x361.png 768w, https:\/\/gruene-gernsheim.de\/wp-content\/uploads\/2025\/01\/image-2-150x71.png 150w, https:\/\/gruene-gernsheim.de\/wp-content\/uploads\/2025\/01\/image-2.png 920w\" sizes=\"auto, (max-width: 800px) 100vw, 800px\" \/><\/figure>\n\n\n\n<h3 class=\"wp-block-heading\"><strong>\ud83d\udce2 Demokratie braucht dich: Werde Wahlhelfer*in in Gernsheim! \ud83d\uddf3\ufe0f<\/strong><\/h3>\n\n\n\n<p>Am <strong>15. M\u00e4rz 2026 <\/strong>findet die <strong>Kommunalwahl<\/strong> in Hessen statt \u2013 ein entscheidender Moment f\u00fcr die Zukunft unserer Gemeinde und Kreises. Damit die Wahl reibungslos abl\u00e4uft, braucht es engagierte Menschen, die als <strong>Wahlhelfer*innen<\/strong> mitwirken. Die Stadt Gernsheim sucht daher dich und viele andere, die bereit sind, diese verantwortungsvolle Aufgabe zu \u00fcbernehmen.<\/p>\n\n\n\n<h3 class=\"wp-block-heading\"><strong>\ud83d\udc65 Warum Wahlhelfer*in werden?<\/strong><\/h3>\n\n\n\n<p>Wahlhelfer*innen sind das R\u00fcckgrat einer funktionierenden Demokratie. Deine Aufgaben umfassen unter anderem:<\/p>\n\n\n\n<p>\u2705 <strong>Ausgabe der Stimmzettel<\/strong><br>\u2705 <strong>\u00dcberpr\u00fcfung der Wahlberechtigung<\/strong><br>\u2705 <strong>Sicherstellung eines geordneten Ablaufs im Wahllokal<\/strong><br>\u2705 <strong>Ausz\u00e4hlung der Stimmen nach Wahlschluss<\/strong><\/p>\n\n\n\n<p>F\u00fcr deinen Einsatz erh\u00e4ltst du eine <strong>Aufwandsentsch\u00e4digung<\/strong>. Doch noch wichtiger: Du leistest einen <strong>unverzichtbaren Beitrag f\u00fcr unsere Demokratie<\/strong> \u2013 direkt hier in Gernsheim! \ud83d\ude4c<\/p>\n\n\n\n<h3 class=\"wp-block-heading\"><strong>\ud83d\udccc Wer kann mitmachen?<\/strong><\/h3>\n\n\n\n<p>Du kannst Wahlhelfer*in werden, wenn du:<\/p>\n\n\n\n<p>\u2714\ufe0f <strong>Mindestens 18 Jahre alt bist<\/strong><br>\u2714\ufe0f <strong>Die deutsche Staatsb\u00fcrgerschaft besitzt<\/strong><br>\u2714\ufe0f <strong>Lust hast, aktiv an der Wahl mitzuwirken<\/strong><\/p>\n\n\n\n<p><strong>Vorkenntnisse sind nicht n\u00f6tig<\/strong> \u2013 du bekommst vorher eine Einweisung! \ud83c\udf93<\/p>\n\n\n\n<h3 class=\"wp-block-heading\"><strong>\ud83d\udce9 Jetzt anmelden!<\/strong><\/h3>\n\n\n\n<p>Du m\u00f6chtest Demokratie hautnah erleben und aktiv mitgestalten? Dann melde dich jetzt beim Wahlamt der Stadt Gernsheim an!<\/p>\n\n\n\n<p>\ud83d\udcde <strong>Telefon:<\/strong> 06258 \/ 108 0<br>\ud83d\udce9 <strong>E-Mail:<\/strong> wahlamt@gernsheim.de<br>\ud83c\udf10 <strong>Weitere Infos:<\/strong> <a href=\"https:\/\/www.gernsheim.de\/artikel\/archiv-artikel-startseite\/2024\/q4\/wahlhelfer-gesucht\/\"><\/a><a href=\"https:\/\/www.gernsheim.de\/artikel\/archiv-artikel-startseite\/2024\/q4\/wahlhelfer-gesucht\/\">Wahlhelfer gesucht | Stadt Gernsheim<\/a><\/p>\n\n\n\n<p>\ud83d\udc9a Gemeinsam sorgen wir daf\u00fcr, dass die Kommunalwahl 2025 fair, transparent und erfolgreich abl\u00e4uft. <strong>Mach mit \u2013 deine Stimme z\u00e4hlt!<\/strong> \ud83d\uddf3\ufe0f\u2728<\/p>\n","protected":false},"excerpt":{"rendered":"<p>\ud83d\udce2 Demokratie braucht dich: Werde Wahlhelfer*in in Gernsheim! \ud83d\uddf3\ufe0f Am 15. M\u00e4rz 2026 findet die Kommunalwahl in Hessen statt \u2013 ein entscheidender Moment f\u00fcr die Zukunft unserer Gemeinde und Kreises&#8230;. <\/p>\n","protected":false},"author":3,"featured_media":0,"comment_status":"open","ping_status":"open","sticky":false,"template":"","format":"standard","meta":{"footnotes":""},"categories":[22],"tags":[],"class_list":["post-308","post","type-post","status-publish","format-standard","hentry","category-wahlen"],"_links":{"self":[{"href":"https:\/\/gruene-gernsheim.de\/index.php?rest_route=\/wp\/v2\/posts\/308","targetHints":{"allow":["GET"]}}],"collection":[{"href":"https:\/\/gruene-gernsheim.de\/index.php?rest_route=\/wp\/v2\/posts"}],"about":[{"href":"https:\/\/gruene-gernsheim.de\/index.php?rest_route=\/wp\/v2\/types\/post"}],"author":[{"embeddable":true,"href":"https:\/\/gruene-gernsheim.de\/index.php?rest_route=\/wp\/v2\/users\/3"}],"replies":[{"embeddable":true,"href":"https:\/\/gruene-gernsheim.de\/index.php?rest_route=%2Fwp%2Fv2%2Fcomments&post=308"}],"version-history":[{"count":1,"href":"https:\/\/gruene-gernsheim.de\/index.php?rest_route=\/wp\/v2\/posts\/308\/revisions"}],"predecessor-version":[{"id":310,"href":"https:\/\/gruene-gernsheim.de\/index.php?rest_route=\/wp\/v2\/posts\/308\/revisions\/310"}],"wp:attachment":[{"href":"https:\/\/gruene-gernsheim.de\/index.php?rest_route=%2Fwp%2Fv2%2Fmedia&parent=308"}],"wp:term":[{"taxonomy":"category","embeddable":true,"href":"https:\/\/gruene-gernsheim.de\/index.php?rest_route=%2Fwp%2Fv2%2Fcategories&post=308"},{"taxonomy":"post_tag","embeddable":true,"href":"https:\/\/gruene-gernsheim.de\/index.php?rest_route=%2Fwp%2Fv2%2Ftags&post=308"}],"curies":[{"name":"wp","href":"https:\/\/api.w.org\/{rel}","templated":true}]}}