{"id":302,"date":"2026-01-23T15:08:18","date_gmt":"2026-01-23T15:08:18","guid":{"rendered":"https:\/\/gruene-gernsheim.de\/?p=302"},"modified":"2026-01-23T15:08:18","modified_gmt":"2026-01-23T15:08:18","slug":"kommunalwahlen-am-15-maerz-2026","status":"publish","type":"post","link":"https:\/\/gruene-gernsheim.de\/?p=302","title":{"rendered":"Kommunalwahlen am 15. M\u00e4rz 2026"},"content":{"rendered":"\n<figure class=\"wp-block-image size-large\"><img loading=\"lazy\" decoding=\"async\" width=\"800\" height=\"381\" src=\"https:\/\/gruene-gernsheim.de\/wp-content\/uploads\/2026\/01\/image-4-800x381.png\" alt=\"\" class=\"wp-image-303\" srcset=\"https:\/\/gruene-gernsheim.de\/wp-content\/uploads\/2026\/01\/image-4-800x381.png 800w, https:\/\/gruene-gernsheim.de\/wp-content\/uploads\/2026\/01\/image-4-400x190.png 400w, https:\/\/gruene-gernsheim.de\/wp-content\/uploads\/2026\/01\/image-4-768x366.png 768w, https:\/\/gruene-gernsheim.de\/wp-content\/uploads\/2026\/01\/image-4-150x71.png 150w, https:\/\/gruene-gernsheim.de\/wp-content\/uploads\/2026\/01\/image-4.png 920w\" sizes=\"auto, (max-width: 800px) 100vw, 800px\" \/><\/figure>\n\n\n\n<p>Am 15. M\u00e4rz 2026 finden in ganz Hessen die Kommunalwahlen statt. In der Sch\u00f6fferstadt Gernsheim werden an diesem Tag bis zu vier verschiedene Gremien neu gew\u00e4hlt.<a rel=\"noreferrer noopener\" target=\"_blank\" href=\"https:\/\/www.kreisgg.de\/kreisverwaltung\/politik\/wahlen\/kommunalwahlen\"><\/a><\/p>\n\n\n\n<h2 class=\"wp-block-heading\">Welche Wahlen gibt es in Gernsheim?<\/h2>\n\n\n\n<p>In Gernsheim sind folgende Wahlen vorgesehen:<a rel=\"noreferrer noopener\" target=\"_blank\" href=\"https:\/\/www.gernsheim.de\/\"><\/a>\u200b<\/p>\n\n\n\n<ul class=\"wp-block-list\">\n<li>Kreistagswahl Gro\u00df\u2011Gerau (71 Sitze)<\/li>\n\n\n\n<li>Wahl des Stadtparlaments Gernsheim (31 Sitze)<\/li>\n\n\n\n<li>Ortsbeiratswahl Allmendfeld (9 Sitze)<\/li>\n\n\n\n<li>Ortsbeiratswahl Klein\u2011Rohrheim (7 Sitze)<\/li>\n<\/ul>\n\n\n\n<h2 class=\"wp-block-heading\">Wer ist wahlberechtigt?<\/h2>\n\n\n\n<p>In das W\u00e4hlerverzeichnis der Sch\u00f6fferstadt Gernsheim werden Personen eingetragen, die:<a rel=\"noreferrer noopener\" target=\"_blank\" href=\"https:\/\/www.gernsheim.de\/\"><\/a>\u200b<\/p>\n\n\n\n<ul class=\"wp-block-list\">\n<li>Deutsche im Sinne des Artikels 116 Absatz 1 Grundgesetz oder Staatsangeh\u00f6rige eines anderen EU\u2011Mitgliedstaats sind.<\/li>\n\n\n\n<li>am Wahltag das 18. Lebensjahr vollendet haben.<\/li>\n\n\n\n<li>seit mindestens sechs Wochen ihren Wohnsitz oder gew\u00f6hnlichen Aufenthalt in Gernsheim haben.<\/li>\n<\/ul>\n\n\n\n<p>Entsprechende Regelungen gelten f\u00fcr die jeweiligen Ortsbezirke Allmendfeld und Klein\u2011Rohrheim.<a rel=\"noreferrer noopener\" target=\"_blank\" href=\"https:\/\/www.gernsheim.de\/\"><\/a>\u200b<\/p>\n\n\n\n<h2 class=\"wp-block-heading\">Wie wird gew\u00e4hlt?<\/h2>\n\n\n\n<p>Bei den Kommunalwahlen in Hessen gilt ein personenbezogenes Verh\u00e4ltniswahlsystem.<a rel=\"noreferrer noopener\" target=\"_blank\" href=\"https:\/\/wahlen.hessen.de\/kommunalwahlen\/allgemeine-kommunalwahlen\"><\/a><\/p>\n\n\n\n<ul class=\"wp-block-list\">\n<li>Jede wahlberechtigte Person hat so viele Stimmen, wie Sitze zu vergeben sind.<\/li>\n\n\n\n<li>Es ist m\u00f6glich, bis zu drei Stimmen auf eine Kandidatin bzw. einen Kandidaten zu kumulieren.<\/li>\n\n\n\n<li>Stimmen k\u00f6nnen auf Kandidierende verschiedener Listen verteilt werden (Panaschieren).<\/li>\n\n\n\n<li>Alternativ kann mit einem Listenkreuz die gesamte Stimmenzahl einer Liste gegeben werden.<\/li>\n<\/ul>\n\n\n\n<h2 class=\"wp-block-heading\">Musterstimmzettel und weitere Informationen<\/h2>\n\n\n\n<p>Der Wahlausschuss der Sch\u00f6fferstadt Gernsheim hat am 16. Januar 2026 \u00fcber die Zulassung der Wahlvorschl\u00e4ge entschieden. Ab dem 2. Februar 2026 sind im Stadthaus amtliche Musterstimmzettel f\u00fcr alle Wahlen erh\u00e4ltlich.<a rel=\"noreferrer noopener\" target=\"_blank\" href=\"https:\/\/www.gernsheim.de\/\"><\/a>\u200b<\/p>\n\n\n\n<p>Online stehen u. a. folgende Unterlagen zur Verf\u00fcgung:<a rel=\"noreferrer noopener\" target=\"_blank\" href=\"https:\/\/www.gernsheim.de\/\"><\/a>\u200b<\/p>\n\n\n\n<ul class=\"wp-block-list\">\n<li><a href=\"https:\/\/www.gernsheim.de\/artikel\/kommunalwahlen-am-15-maerz-2026\/stimmzettel-stvv-2026-muster-1.pdf?cid=ct5\" target=\"_blank\" rel=\"noreferrer noopener\">Musterstimmzettel f\u00fcr die Stadtverordnetenwahl<\/a><\/li>\n\n\n\n<li><a href=\"https:\/\/www.gernsheim.de\/artikel\/kommunalwahlen-am-15-maerz-2026\/stimmzettel-obr-allmendfeld-2026-muster-1.pdf?cid=ct7\" target=\"_blank\" rel=\"noreferrer noopener\">Musterstimmzettel f\u00fcr die Ortsbeiratswahlen in Allmendfeld und Klein\u2011Rohrheim<\/a><\/li>\n\n\n\n<li><a href=\"https:\/\/www.gernsheim.de\/artikel\/kommunalwahlen-am-15-maerz-2026\/stimmzettel-obr-klein-rohrheim-2026-muster-1.pdf?cid=ct1\" target=\"_blank\" rel=\"noreferrer noopener\">Brosch\u00fcre \u201eKommunalwahlen\u201c in einfacher Sprache<\/a><\/li>\n\n\n\n<li><a href=\"https:\/\/www.gernsheim.de\/artikel\/kommunalwahlen-am-15-maerz-2026\/regeln-zur-stimmabgabe.pdf?cid=csz\" target=\"_blank\" rel=\"noreferrer noopener\">\u201eF\u00fcnf Regeln f\u00fcr die Stimmabgabe\u201c als Merkblatt<\/a><\/li>\n\n\n\n<li>Links zu Pressemitteilungen Nr.\u00a0<a href=\"https:\/\/www.gernsheim.de\/artikel\/kommunalwahlen-am-15-maerz-2026\/2026-013-bekanntmachung-wahlvorschlaege-stvv.pdf?cid=csg\" target=\"_blank\" rel=\"noreferrer noopener\">2026\u2013013<\/a>,\u00a0<a href=\"https:\/\/www.gernsheim.de\/artikel\/kommunalwahlen-am-15-maerz-2026\/2026-014-bekanntmachung-wahlvorschlaege-obr-allmendfeld.pdf?cid=csh\" target=\"_blank\" rel=\"noreferrer noopener\">2026\u2013014<\/a>,\u00a0<a href=\"https:\/\/www.gernsheim.de\/artikel\/kommunalwahlen-am-15-maerz-2026\/2026-015-bekanntmachung-wahlvorschlaege-obr-klein-rohrheim.pdf?cid=csi\" target=\"_blank\" rel=\"noreferrer noopener\">2026\u2013015<\/a><\/li>\n<\/ul>\n\n\n\n<h2 class=\"wp-block-heading\">Kontakt zur Stadtverwaltung Gernsheim<\/h2>\n\n\n\n<p>Bei Fragen zur Wahl oder zum W\u00e4hlerverzeichnis hilft die Stadtverwaltung Gernsheim weiter:<a rel=\"noreferrer noopener\" target=\"_blank\" href=\"https:\/\/www.gernsheim.de\/\"><\/a>\u200b<\/p>\n\n\n\n<ul class=\"wp-block-list\">\n<li>Magistrat der Sch\u00f6fferstadt Gernsheim, Stadthausplatz 1, 64579 Gernsheim<\/li>\n\n\n\n<li>Telefon: +49 6258 108\u20110<\/li>\n\n\n\n<li>E\u2011Mail:\u00a0<a href=\"mailto:stadtverwaltung@gernsheim.de\" target=\"_blank\" rel=\"noreferrer noopener\">stadtverwaltung@gernsheim.de<\/a><\/li>\n<\/ul>\n","protected":false},"excerpt":{"rendered":"<p>Am 15. M\u00e4rz 2026 finden in ganz Hessen die Kommunalwahlen statt. In der Sch\u00f6fferstadt Gernsheim werden an diesem Tag bis zu vier verschiedene Gremien neu gew\u00e4hlt. Welche Wahlen gibt es&#8230; <\/p>\n","protected":false},"author":3,"featured_media":0,"comment_status":"open","ping_status":"open","sticky":false,"template":"","format":"standard","meta":{"footnotes":""},"categories":[3,22],"tags":[43],"class_list":["post-302","post","type-post","status-publish","format-standard","hentry","category-termine","category-wahlen","tag-kommunalwahl"],"_links":{"self":[{"href":"https:\/\/gruene-gernsheim.de\/index.php?rest_route=\/wp\/v2\/posts\/302","targetHints":{"allow":["GET"]}}],"collection":[{"href":"https:\/\/gruene-gernsheim.de\/index.php?rest_route=\/wp\/v2\/posts"}],"about":[{"href":"https:\/\/gruene-gernsheim.de\/index.php?rest_route=\/wp\/v2\/types\/post"}],"author":[{"embeddable":true,"href":"https:\/\/gruene-gernsheim.de\/index.php?rest_route=\/wp\/v2\/users\/3"}],"replies":[{"embeddable":true,"href":"https:\/\/gruene-gernsheim.de\/index.php?rest_route=%2Fwp%2Fv2%2Fcomments&post=302"}],"version-history":[{"count":1,"href":"https:\/\/gruene-gernsheim.de\/index.php?rest_route=\/wp\/v2\/posts\/302\/revisions"}],"predecessor-version":[{"id":304,"href":"https:\/\/gruene-gernsheim.de\/index.php?rest_route=\/wp\/v2\/posts\/302\/revisions\/304"}],"wp:attachment":[{"href":"https:\/\/gruene-gernsheim.de\/index.php?rest_route=%2Fwp%2Fv2%2Fmedia&parent=302"}],"wp:term":[{"taxonomy":"category","embeddable":true,"href":"https:\/\/gruene-gernsheim.de\/index.php?rest_route=%2Fwp%2Fv2%2Fcategories&post=302"},{"taxonomy":"post_tag","embeddable":true,"href":"https:\/\/gruene-gernsheim.de\/index.php?rest_route=%2Fwp%2Fv2%2Ftags&post=302"}],"curies":[{"name":"wp","href":"https:\/\/api.w.org\/{rel}","templated":true}]}}