{"id":298,"date":"2026-01-15T14:47:26","date_gmt":"2026-01-15T14:47:26","guid":{"rendered":"https:\/\/gruene-gernsheim.de\/?p=298"},"modified":"2026-01-23T14:48:25","modified_gmt":"2026-01-23T14:48:25","slug":"das-gruene-stadtwabencafe","status":"publish","type":"post","link":"https:\/\/gruene-gernsheim.de\/?p=298","title":{"rendered":"Das GR\u00dcNE Stadtwabencaf\u00e9"},"content":{"rendered":"\n<p>GERNSHEIM. Sich bei einem Kaffee zu begegnen, kennen zu lernen oder gemeinsam mit den Kandidatinnen und Kandidaten f\u00fcr die Kommunalwahl zu diskutieren, hierzu laden die Mitglieder von B\u00fcndnis90\/Die Gr\u00fcnen Gernsheim am Samstag, 7. Februar und am Samstag, 7. M\u00e4rz von 10-13 Uhr in die Stadtwabe ein. Dort gibt es auch die Pr\u00e4sentation \u201eWie wird gew\u00e4hlt\u201c zu sehen, f\u00fcr all diejenigen, die sich intensiver mit dem Kumulieren und Panaschieren auseinandersetzen wollen. Auch \u00fcber das Wahlprogramm der Gernsheimer Gr\u00fcnen kann sich hier informiert werden. Dar\u00fcber hinaus sind die Termine f\u00fcr die regelm\u00e4\u00dfigen offenen \u201eGr\u00fcnentreffs\u201c zu erfahren. Hier ist jeder willkommen, der sich f\u00fcr die Gestaltung Gernsheims interessiert, vielleicht einbringen m\u00f6chte oder mehr \u00fcber das kommunalpolitische Geschehen oder seine Abl\u00e4ufe erfahren will.<\/p>\n","protected":false},"excerpt":{"rendered":"<p>GERNSHEIM. Sich bei einem Kaffee zu begegnen, kennen zu lernen oder gemeinsam mit den Kandidatinnen und Kandidaten f\u00fcr die Kommunalwahl zu diskutieren, hierzu laden die Mitglieder von B\u00fcndnis90\/Die Gr\u00fcnen Gernsheim&#8230; <\/p>\n","protected":false},"author":3,"featured_media":0,"comment_status":"open","ping_status":"open","sticky":false,"template":"","format":"standard","meta":{"footnotes":""},"categories":[3,1,22],"tags":[43,47,46],"class_list":["post-298","post","type-post","status-publish","format-standard","hentry","category-termine","category-uncategorized","category-wahlen","tag-kommunalwahl","tag-presse","tag-stadtwabe"],"_links":{"self":[{"href":"https:\/\/gruene-gernsheim.de\/index.php?rest_route=\/wp\/v2\/posts\/298","targetHints":{"allow":["GET"]}}],"collection":[{"href":"https:\/\/gruene-gernsheim.de\/index.php?rest_route=\/wp\/v2\/posts"}],"about":[{"href":"https:\/\/gruene-gernsheim.de\/index.php?rest_route=\/wp\/v2\/types\/post"}],"author":[{"embeddable":true,"href":"https:\/\/gruene-gernsheim.de\/index.php?rest_route=\/wp\/v2\/users\/3"}],"replies":[{"embeddable":true,"href":"https:\/\/gruene-gernsheim.de\/index.php?rest_route=%2Fwp%2Fv2%2Fcomments&post=298"}],"version-history":[{"count":3,"href":"https:\/\/gruene-gernsheim.de\/index.php?rest_route=\/wp\/v2\/posts\/298\/revisions"}],"predecessor-version":[{"id":301,"href":"https:\/\/gruene-gernsheim.de\/index.php?rest_route=\/wp\/v2\/posts\/298\/revisions\/301"}],"wp:attachment":[{"href":"https:\/\/gruene-gernsheim.de\/index.php?rest_route=%2Fwp%2Fv2%2Fmedia&parent=298"}],"wp:term":[{"taxonomy":"category","embeddable":true,"href":"https:\/\/gruene-gernsheim.de\/index.php?rest_route=%2Fwp%2Fv2%2Fcategories&post=298"},{"taxonomy":"post_tag","embeddable":true,"href":"https:\/\/gruene-gernsheim.de\/index.php?rest_route=%2Fwp%2Fv2%2Ftags&post=298"}],"curies":[{"name":"wp","href":"https:\/\/api.w.org\/{rel}","templated":true}]}}